{"id":755,"date":"2025-08-18T07:37:06","date_gmt":"2025-08-18T07:37:06","guid":{"rendered":"https:\/\/www.mavlastedit.cz\/?p=755"},"modified":"2025-09-01T20:27:01","modified_gmt":"2025-09-01T20:27:01","slug":"mik-jana-mikesova","status":"publish","type":"post","link":"https:\/\/www.mavlastedit.cz\/en\/mik-jana-mikesova\/","title":{"rendered":"MIK JANA MIKE\u0160OV\u00c1"},"content":{"rendered":"<p>Under the MIK brand, designer Jana Mike\u0161ov\u00e1 has been creating since her studies at UMPRUM, where she began working with knitting. Wool and its creative possibilities inspired her so much that she decided to turn it into wearable pieces, making it one of the main pillars of her fashion label.<\/p>\n\n\n\n<p>MIK is characterized by minimalist cuts with interesting details and solutions that carry Jana\u2019s distinctive signature. The collections are designed to be versatile and combinable across seasons, resulting in an endless range of individual garments that blend and complement each other. All offered pieces are made from entirely natural materials from trusted suppliers, including wool, merino, alpaca, linen, and silk, as well as deadstock fabrics in limited quantities from premium brands, giving them a second life. Production is purely local, carried out by small knitting workshops and ateliers in Bohemia and Moravia.<\/p>\n\n\n\n<p>At the M\u00e1 vlast, MIK will present the first pieces for the autumn\/winter 2025 season, continuing the core motifs and details of the latest spring collection. The key feature will be a carefully developed series of sweaters and coats, long among the brand\u2019s most distinctive and recognizable pieces. Selected materials will include a rich range of textures such as waxed cotton with its characteristic patina and alpaca yarns with a pronounced halo.<\/p>\n\n\n\n<p>Another innovation is the use of laminated leather, which brings a completely new material contrast to the collection. The glossy surface of the handbags creates a striking dialogue with the predominantly matte textures of the garments, generating both tension and harmony \u2013 one of the key principles of the entire collection. The handbags are not just functional accessories but an integral part of the collection concept.<\/p>\n\n\n\n<p><a href=\"https:\/\/www.janamikesova.com\">www.janamikesova.com<\/a><\/p>","protected":false},"excerpt":{"rendered":"<p>Pod zna\u010dkou MIK p\u016fsob\u00ed a navrhuje design\u00e9rka Jana Mike\u0161ov\u00e1, kter\u00e1 svou zna\u010dku odstartovala ji\u017e b\u011bhem studi\u00ed na UMPRUM, kde se za\u010dala v\u011bnovat pleten\u00ed. Vlna a s n\u00ed spojen\u00e9 mo\u017enosti tvorby Janu natolik inspirovaly, \u017ee se rozhodla je p\u0159etvo\u0159it do nositeln\u00fdch kousk\u016f a ud\u011blat z n\u00ed jeden z hlavn\u00edch pil\u00ed\u0159\u016f sv\u00e9ho m\u00f3dn\u00edho brandu. Pro MIK jsou [&hellip;]<\/p>","protected":false},"author":3,"featured_media":982,"comment_status":"open","ping_status":"open","sticky":false,"template":"","format":"standard","meta":{"footnotes":""},"categories":[16],"tags":[],"class_list":["post-755","post","type-post","status-publish","format-standard","has-post-thumbnail","hentry","category-designeri"],"_links":{"self":[{"href":"https:\/\/www.mavlastedit.cz\/en\/wp-json\/wp\/v2\/posts\/755","targetHints":{"allow":["GET"]}}],"collection":[{"href":"https:\/\/www.mavlastedit.cz\/en\/wp-json\/wp\/v2\/posts"}],"about":[{"href":"https:\/\/www.mavlastedit.cz\/en\/wp-json\/wp\/v2\/types\/post"}],"author":[{"embeddable":true,"href":"https:\/\/www.mavlastedit.cz\/en\/wp-json\/wp\/v2\/users\/3"}],"replies":[{"embeddable":true,"href":"https:\/\/www.mavlastedit.cz\/en\/wp-json\/wp\/v2\/comments?post=755"}],"version-history":[{"count":2,"href":"https:\/\/www.mavlastedit.cz\/en\/wp-json\/wp\/v2\/posts\/755\/revisions"}],"predecessor-version":[{"id":1246,"href":"https:\/\/www.mavlastedit.cz\/en\/wp-json\/wp\/v2\/posts\/755\/revisions\/1246"}],"wp:featuredmedia":[{"embeddable":true,"href":"https:\/\/www.mavlastedit.cz\/en\/wp-json\/wp\/v2\/media\/982"}],"wp:attachment":[{"href":"https:\/\/www.mavlastedit.cz\/en\/wp-json\/wp\/v2\/media?parent=755"}],"wp:term":[{"taxonomy":"category","embeddable":true,"href":"https:\/\/www.mavlastedit.cz\/en\/wp-json\/wp\/v2\/categories?post=755"},{"taxonomy":"post_tag","embeddable":true,"href":"https:\/\/www.mavlastedit.cz\/en\/wp-json\/wp\/v2\/tags?post=755"}],"curies":[{"name":"wp","href":"https:\/\/api.w.org\/{rel}","templated":true}]}}